{"id":3615,"date":"2025-05-16T10:32:50","date_gmt":"2025-05-16T10:32:50","guid":{"rendered":"https:\/\/gcrplasticsolutions.com\/news-and-event\/gcr-estara-presente-en-k-2025-reserva-la-fecha\/"},"modified":"2025-06-04T16:25:57","modified_gmt":"2025-06-04T16:25:57","slug":"gcr-estara-presente-en-k-2025-reserva-la-fecha","status":"publish","type":"news-and-event","link":"https:\/\/gcrplasticsolutions.com\/es\/news-and-event\/gcr-estara-presente-en-k-2025-reserva-la-fecha\/","title":{"rendered":"GCR estar\u00e1 presente en K 2025 \u2013 Reserva la fecha"},"content":{"rendered":"\n<figure class=\"wp-block-image size-full is-resized\"><img loading=\"lazy\" decoding=\"async\" width=\"600\" height=\"300\" src=\"https:\/\/gcrplasticsolutions.com\/wp-content\/uploads\/2025\/05\/Email-Banner-K2025-1.png\" alt=\"\" class=\"wp-image-3616\" style=\"width:840px;height:auto\" srcset=\"https:\/\/gcrplasticsolutions.com\/wp-content\/uploads\/2025\/05\/Email-Banner-K2025-1.png 600w, https:\/\/gcrplasticsolutions.com\/wp-content\/uploads\/2025\/05\/Email-Banner-K2025-1-300x150.png 300w\" sizes=\"auto, (max-width: 600px) 100vw, 600px\" \/><\/figure>\n\n\n\n<p>Nos complace anunciar que <strong data-start=\"269\" data-end=\"313\">GCR participar\u00e1 como expositor en K 2025<\/strong>, la feria l\u00edder mundial del sector del pl\u00e1stico y el caucho, que se celebrar\u00e1 del <strong data-start=\"396\" data-end=\"426\">8 al 15 de octubre de 2025<\/strong> en <strong data-start=\"430\" data-end=\"461\">Messe D\u00fcsseldorf (Alemania)<\/strong>.<\/p>\n\n\n\n<p>\ud83d\udccd <strong data-start=\"467\" data-end=\"509\">Messe D\u00fcsseldorf \u2013 Hall 8A | Stand K27<\/strong><br data-start=\"509\" data-end=\"512\">\ud83d\udcc5 <strong data-start=\"515\" data-end=\"549\">Del 8 al 15 de octubre de 2025<\/strong><\/p>\n\n\n\n<p>En GCR somos conscientes de la creciente presi\u00f3n por reducir la huella de carbono, mejorar la eficiencia en el uso de materiales y cumplir con objetivos cada vez m\u00e1s exigentes en materia de reciclaje y sostenibilidad. Por ello, trabajamos en el desarrollo de <strong data-start=\"810\" data-end=\"853\">poliolefinas recicladas de alta calidad<\/strong>, <strong data-start=\"855\" data-end=\"882\">masterbatches minerales<\/strong> y <strong data-start=\"885\" data-end=\"898\">compounds<\/strong> que ayudan a nuestros clientes a alcanzar tanto sus metas t\u00e9cnicas como medioambientales.<\/p>\n\n\n\n<p>| <strong data-start=\"992\" data-end=\"1044\">M\u00e1s all\u00e1 de soluciones, llevamos conversaciones.<\/strong><br data-start=\"1044\" data-end=\"1047\">Estaremos all\u00ed para escuchar, colaborar y co-crear un camino que responda a tus desaf\u00edos actuales \u2014 y a tus ambiciones futuras.<\/p>\n\n\n\n<p>Esperamos poder reencontrarnos con clientes, colaboradores y profesionales del sector durante K 2025, y seguir impulsando juntos el di\u00e1logo sobre el futuro de los pl\u00e1sticos sostenibles.<\/p>\n\n\n\n<p>Pronto compartiremos m\u00e1s novedades sobre lo que podr\u00e1s descubrir en nuestro stand.<\/p>\n\n\n\n<p>\ud83d\udd17 <strong data-start=\"1456\" data-end=\"1506\">Sigue nuestro camino hacia K 2025 en LinkedIn:<\/strong> <strong data-start=\"1507\" data-end=\"1520\">#GCRK2025<\/strong><br>\ud83d\udd17 <a class=\"\" href=\"https:\/\/www.k-online.com\/en\/Visit\">Visita la web oficial de la K 2025 website<\/a> para m\u00e1s informaci\u00f3n sobre la feria.<\/p>\n\n\n\n<figure class=\"wp-block-image size-full is-resized\"><a href=\"https:\/\/www.k-online.com\/en\/Visit\"><img loading=\"lazy\" decoding=\"async\" width=\"728\" height=\"90\" src=\"https:\/\/gcrplasticsolutions.com\/wp-content\/uploads\/2025\/05\/Signature-Banner.png\" alt=\"\" class=\"wp-image-3626\" style=\"width:840px;height:auto\" srcset=\"https:\/\/gcrplasticsolutions.com\/wp-content\/uploads\/2025\/05\/Signature-Banner.png 728w, https:\/\/gcrplasticsolutions.com\/wp-content\/uploads\/2025\/05\/Signature-Banner-300x37.png 300w\" sizes=\"auto, (max-width: 728px) 100vw, 728px\" \/><\/a><\/figure>\n\n\n\n<h5 class=\"wp-block-heading\">\ud83d\udccd <strong>\u00bfC\u00f3mo encontrarnos?<\/strong><\/h5>\n\n\n\n<p>Consulta el plano para encontrarnos f\u00e1cilmente<\/p>\n\n\n\n<figure class=\"wp-block-image size-full\"><a href=\"https:\/\/www.k-online.com\/floorplan?action=showExhibitor&amp;actionItem=3011652&amp;_event=k2025&amp;ticket=34243330490305\"><img loading=\"lazy\" decoding=\"async\" width=\"950\" height=\"269\" src=\"https:\/\/gcrplasticsolutions.com\/wp-content\/uploads\/2025\/05\/Stand-Location-1.jpg\" alt=\"\" class=\"wp-image-3645\" srcset=\"https:\/\/gcrplasticsolutions.com\/wp-content\/uploads\/2025\/05\/Stand-Location-1.jpg 950w, https:\/\/gcrplasticsolutions.com\/wp-content\/uploads\/2025\/05\/Stand-Location-1-300x85.jpg 300w, https:\/\/gcrplasticsolutions.com\/wp-content\/uploads\/2025\/05\/Stand-Location-1-768x217.jpg 768w\" sizes=\"auto, (max-width: 950px) 100vw, 950px\" \/><\/a><\/figure>\n","protected":false},"excerpt":{"rendered":"<p>GCR estar\u00e1 presente en K 2025, la feria l\u00edder mundial del sector del pl\u00e1stico y el caucho. Reserva la fecha y acomp\u00e1\u00f1anos en D\u00fcsseldorf del 8 al 15 de octubre, en el Hall 8A, Stand K27. Este a\u00f1o, llevamos m\u00e1s que soluciones: llevaremos&#8230;<\/p>\n","protected":false},"author":8,"featured_media":3612,"menu_order":0,"template":"","format":"standard","meta":{"_acf_changed":false,"footnotes":""},"categories":[],"class_list":["post-3615","news-and-event","type-news-and-event","status-publish","format-standard","has-post-thumbnail","hentry"],"acf":[],"yoast_head":"<!-- This site is optimized with the Yoast SEO plugin v27.3 - https:\/\/yoast.com\/product\/yoast-seo-wordpress\/ -->\n<title>GCR estar\u00e1 presente en K 2025 \u2013 Reserva la fecha - GCR Sustainable Plastic Solutions<\/title>\n<meta name=\"description\" content=\"GCR estar\u00e1 presente en K 2025, la feria l\u00edder del sector del pl\u00e1stico y el caucho. Vis\u00edtanos en D\u00fcsseldorf y descubre nuestras soluciones recicladas y compuestos minerales avanzados.\" \/>\n<meta name=\"robots\" content=\"index, follow, max-snippet:-1, max-image-preview:large, max-video-preview:-1\" \/>\n<link rel=\"canonical\" href=\"https:\/\/gcrplasticsolutions.com\/es\/news-and-event\/gcr-estara-presente-en-k-2025-reserva-la-fecha\/\" \/>\n<meta property=\"og:locale\" content=\"es_ES\" \/>\n<meta property=\"og:type\" content=\"article\" \/>\n<meta property=\"og:title\" content=\"GCR estar\u00e1 presente en K 2025 \u2013 Reserva la fecha - GCR Sustainable Plastic Solutions\" \/>\n<meta property=\"og:description\" content=\"GCR estar\u00e1 presente en K 2025, la feria l\u00edder del sector del pl\u00e1stico y el caucho. Vis\u00edtanos en D\u00fcsseldorf y descubre nuestras soluciones recicladas y compuestos minerales avanzados.\" \/>\n<meta property=\"og:url\" content=\"https:\/\/gcrplasticsolutions.com\/es\/news-and-event\/gcr-estara-presente-en-k-2025-reserva-la-fecha\/\" \/>\n<meta property=\"og:site_name\" content=\"GCR Sustainable Plastic Solutions\" \/>\n<meta property=\"article:modified_time\" content=\"2025-06-04T16:25:57+00:00\" \/>\n<meta property=\"og:image\" content=\"https:\/\/gcrplasticsolutions.com\/wp-content\/uploads\/2025\/05\/K2022.png\" \/>\n\t<meta property=\"og:image:width\" content=\"605\" \/>\n\t<meta property=\"og:image:height\" content=\"375\" \/>\n\t<meta property=\"og:image:type\" content=\"image\/png\" \/>\n<meta name=\"twitter:card\" content=\"summary_large_image\" \/>\n<meta name=\"twitter:label1\" content=\"Tiempo de lectura\" \/>\n\t<meta name=\"twitter:data1\" content=\"2 minutos\" \/>\n<script type=\"application\/ld+json\" class=\"yoast-schema-graph\">{\"@context\":\"https:\\\/\\\/schema.org\",\"@graph\":[{\"@type\":\"WebPage\",\"@id\":\"https:\\\/\\\/gcrplasticsolutions.com\\\/es\\\/news-and-event\\\/gcr-estara-presente-en-k-2025-reserva-la-fecha\\\/\",\"url\":\"https:\\\/\\\/gcrplasticsolutions.com\\\/es\\\/news-and-event\\\/gcr-estara-presente-en-k-2025-reserva-la-fecha\\\/\",\"name\":\"GCR estar\u00e1 presente en K 2025 \u2013 Reserva la fecha - GCR Sustainable Plastic Solutions\",\"isPartOf\":{\"@id\":\"https:\\\/\\\/gcrplasticsolutions.com\\\/es\\\/#website\"},\"primaryImageOfPage\":{\"@id\":\"https:\\\/\\\/gcrplasticsolutions.com\\\/es\\\/news-and-event\\\/gcr-estara-presente-en-k-2025-reserva-la-fecha\\\/#primaryimage\"},\"image\":{\"@id\":\"https:\\\/\\\/gcrplasticsolutions.com\\\/es\\\/news-and-event\\\/gcr-estara-presente-en-k-2025-reserva-la-fecha\\\/#primaryimage\"},\"thumbnailUrl\":\"https:\\\/\\\/gcrplasticsolutions.com\\\/wp-content\\\/uploads\\\/2025\\\/05\\\/K2022.png\",\"datePublished\":\"2025-05-16T10:32:50+00:00\",\"dateModified\":\"2025-06-04T16:25:57+00:00\",\"description\":\"GCR estar\u00e1 presente en K 2025, la feria l\u00edder del sector del pl\u00e1stico y el caucho. Vis\u00edtanos en D\u00fcsseldorf y descubre nuestras soluciones recicladas y compuestos minerales avanzados.\",\"breadcrumb\":{\"@id\":\"https:\\\/\\\/gcrplasticsolutions.com\\\/es\\\/news-and-event\\\/gcr-estara-presente-en-k-2025-reserva-la-fecha\\\/#breadcrumb\"},\"inLanguage\":\"es\",\"potentialAction\":[{\"@type\":\"ReadAction\",\"target\":[\"https:\\\/\\\/gcrplasticsolutions.com\\\/es\\\/news-and-event\\\/gcr-estara-presente-en-k-2025-reserva-la-fecha\\\/\"]}]},{\"@type\":\"ImageObject\",\"inLanguage\":\"es\",\"@id\":\"https:\\\/\\\/gcrplasticsolutions.com\\\/es\\\/news-and-event\\\/gcr-estara-presente-en-k-2025-reserva-la-fecha\\\/#primaryimage\",\"url\":\"https:\\\/\\\/gcrplasticsolutions.com\\\/wp-content\\\/uploads\\\/2025\\\/05\\\/K2022.png\",\"contentUrl\":\"https:\\\/\\\/gcrplasticsolutions.com\\\/wp-content\\\/uploads\\\/2025\\\/05\\\/K2022.png\",\"width\":605,\"height\":375},{\"@type\":\"BreadcrumbList\",\"@id\":\"https:\\\/\\\/gcrplasticsolutions.com\\\/es\\\/news-and-event\\\/gcr-estara-presente-en-k-2025-reserva-la-fecha\\\/#breadcrumb\",\"itemListElement\":[{\"@type\":\"ListItem\",\"position\":1,\"name\":\"Home\",\"item\":\"https:\\\/\\\/gcrplasticsolutions.com\\\/es\\\/\"},{\"@type\":\"ListItem\",\"position\":2,\"name\":\"GCR estar\u00e1 presente en K 2025 \u2013 Reserva la fecha\"}]},{\"@type\":\"WebSite\",\"@id\":\"https:\\\/\\\/gcrplasticsolutions.com\\\/es\\\/#website\",\"url\":\"https:\\\/\\\/gcrplasticsolutions.com\\\/es\\\/\",\"name\":\"GCR Sustainable Plastic Solutions\",\"description\":\"GCR Sustainable Plastic Solutions Website\",\"potentialAction\":[{\"@type\":\"SearchAction\",\"target\":{\"@type\":\"EntryPoint\",\"urlTemplate\":\"https:\\\/\\\/gcrplasticsolutions.com\\\/es\\\/?s={search_term_string}\"},\"query-input\":{\"@type\":\"PropertyValueSpecification\",\"valueRequired\":true,\"valueName\":\"search_term_string\"}}],\"inLanguage\":\"es\"}]}<\/script>\n<!-- \/ Yoast SEO plugin. -->","yoast_head_json":{"title":"GCR estar\u00e1 presente en K 2025 \u2013 Reserva la fecha - GCR Sustainable Plastic Solutions","description":"GCR estar\u00e1 presente en K 2025, la feria l\u00edder del sector del pl\u00e1stico y el caucho. Vis\u00edtanos en D\u00fcsseldorf y descubre nuestras soluciones recicladas y compuestos minerales avanzados.","robots":{"index":"index","follow":"follow","max-snippet":"max-snippet:-1","max-image-preview":"max-image-preview:large","max-video-preview":"max-video-preview:-1"},"canonical":"https:\/\/gcrplasticsolutions.com\/es\/news-and-event\/gcr-estara-presente-en-k-2025-reserva-la-fecha\/","og_locale":"es_ES","og_type":"article","og_title":"GCR estar\u00e1 presente en K 2025 \u2013 Reserva la fecha - GCR Sustainable Plastic Solutions","og_description":"GCR estar\u00e1 presente en K 2025, la feria l\u00edder del sector del pl\u00e1stico y el caucho. Vis\u00edtanos en D\u00fcsseldorf y descubre nuestras soluciones recicladas y compuestos minerales avanzados.","og_url":"https:\/\/gcrplasticsolutions.com\/es\/news-and-event\/gcr-estara-presente-en-k-2025-reserva-la-fecha\/","og_site_name":"GCR Sustainable Plastic Solutions","article_modified_time":"2025-06-04T16:25:57+00:00","og_image":[{"width":605,"height":375,"url":"https:\/\/gcrplasticsolutions.com\/wp-content\/uploads\/2025\/05\/K2022.png","type":"image\/png"}],"twitter_card":"summary_large_image","twitter_misc":{"Tiempo de lectura":"2 minutos"},"schema":{"@context":"https:\/\/schema.org","@graph":[{"@type":"WebPage","@id":"https:\/\/gcrplasticsolutions.com\/es\/news-and-event\/gcr-estara-presente-en-k-2025-reserva-la-fecha\/","url":"https:\/\/gcrplasticsolutions.com\/es\/news-and-event\/gcr-estara-presente-en-k-2025-reserva-la-fecha\/","name":"GCR estar\u00e1 presente en K 2025 \u2013 Reserva la fecha - GCR Sustainable Plastic Solutions","isPartOf":{"@id":"https:\/\/gcrplasticsolutions.com\/es\/#website"},"primaryImageOfPage":{"@id":"https:\/\/gcrplasticsolutions.com\/es\/news-and-event\/gcr-estara-presente-en-k-2025-reserva-la-fecha\/#primaryimage"},"image":{"@id":"https:\/\/gcrplasticsolutions.com\/es\/news-and-event\/gcr-estara-presente-en-k-2025-reserva-la-fecha\/#primaryimage"},"thumbnailUrl":"https:\/\/gcrplasticsolutions.com\/wp-content\/uploads\/2025\/05\/K2022.png","datePublished":"2025-05-16T10:32:50+00:00","dateModified":"2025-06-04T16:25:57+00:00","description":"GCR estar\u00e1 presente en K 2025, la feria l\u00edder del sector del pl\u00e1stico y el caucho. Vis\u00edtanos en D\u00fcsseldorf y descubre nuestras soluciones recicladas y compuestos minerales avanzados.","breadcrumb":{"@id":"https:\/\/gcrplasticsolutions.com\/es\/news-and-event\/gcr-estara-presente-en-k-2025-reserva-la-fecha\/#breadcrumb"},"inLanguage":"es","potentialAction":[{"@type":"ReadAction","target":["https:\/\/gcrplasticsolutions.com\/es\/news-and-event\/gcr-estara-presente-en-k-2025-reserva-la-fecha\/"]}]},{"@type":"ImageObject","inLanguage":"es","@id":"https:\/\/gcrplasticsolutions.com\/es\/news-and-event\/gcr-estara-presente-en-k-2025-reserva-la-fecha\/#primaryimage","url":"https:\/\/gcrplasticsolutions.com\/wp-content\/uploads\/2025\/05\/K2022.png","contentUrl":"https:\/\/gcrplasticsolutions.com\/wp-content\/uploads\/2025\/05\/K2022.png","width":605,"height":375},{"@type":"BreadcrumbList","@id":"https:\/\/gcrplasticsolutions.com\/es\/news-and-event\/gcr-estara-presente-en-k-2025-reserva-la-fecha\/#breadcrumb","itemListElement":[{"@type":"ListItem","position":1,"name":"Home","item":"https:\/\/gcrplasticsolutions.com\/es\/"},{"@type":"ListItem","position":2,"name":"GCR estar\u00e1 presente en K 2025 \u2013 Reserva la fecha"}]},{"@type":"WebSite","@id":"https:\/\/gcrplasticsolutions.com\/es\/#website","url":"https:\/\/gcrplasticsolutions.com\/es\/","name":"GCR Sustainable Plastic Solutions","description":"GCR Sustainable Plastic Solutions Website","potentialAction":[{"@type":"SearchAction","target":{"@type":"EntryPoint","urlTemplate":"https:\/\/gcrplasticsolutions.com\/es\/?s={search_term_string}"},"query-input":{"@type":"PropertyValueSpecification","valueRequired":true,"valueName":"search_term_string"}}],"inLanguage":"es"}]}},"_links":{"self":[{"href":"https:\/\/gcrplasticsolutions.com\/es\/wp-json\/wp\/v2\/news-and-event\/3615","targetHints":{"allow":["GET"]}}],"collection":[{"href":"https:\/\/gcrplasticsolutions.com\/es\/wp-json\/wp\/v2\/news-and-event"}],"about":[{"href":"https:\/\/gcrplasticsolutions.com\/es\/wp-json\/wp\/v2\/types\/news-and-event"}],"author":[{"embeddable":true,"href":"https:\/\/gcrplasticsolutions.com\/es\/wp-json\/wp\/v2\/users\/8"}],"version-history":[{"count":0,"href":"https:\/\/gcrplasticsolutions.com\/es\/wp-json\/wp\/v2\/news-and-event\/3615\/revisions"}],"wp:featuredmedia":[{"embeddable":true,"href":"https:\/\/gcrplasticsolutions.com\/es\/wp-json\/wp\/v2\/media\/3612"}],"wp:attachment":[{"href":"https:\/\/gcrplasticsolutions.com\/es\/wp-json\/wp\/v2\/media?parent=3615"}],"wp:term":[{"taxonomy":"category","embeddable":true,"href":"https:\/\/gcrplasticsolutions.com\/es\/wp-json\/wp\/v2\/categories?post=3615"}],"curies":[{"name":"wp","href":"https:\/\/api.w.org\/{rel}","templated":true}]}}